{"id":319,"date":"2024-11-14T08:50:45","date_gmt":"2024-11-14T07:50:45","guid":{"rendered":"https:\/\/endometriosis.sk\/verejnost\/?p=319"},"modified":"2024-12-04T08:35:33","modified_gmt":"2024-12-04T07:35:33","slug":"endometrioza-pribeh-jany-ktora-bojovala-o-svoje-zdravie-a-stastie","status":"publish","type":"post","link":"https:\/\/endometriosis.sk\/verejnost\/endometrioza-pribeh-jany-ktora-bojovala-o-svoje-zdravie-a-stastie\/","title":{"rendered":"Endometri\u00f3za: Pr\u00edbeh Jany, ktor\u00e1 bojovala o svoje zdravie a \u0161\u0165astie"},"content":{"rendered":"<p>[et_pb_section fb_built=&#8220;1&#8243; _builder_version=&#8220;4.27.2&#8243; _module_preset=&#8220;default&#8220; custom_margin=&#8220;-6px|||||&#8220; custom_padding=&#8220;0px|||||&#8220; global_colors_info=&#8220;{}&#8220;][et_pb_row _builder_version=&#8220;4.27.2&#8243; _module_preset=&#8220;default&#8220; custom_padding=&#8220;4px|||||&#8220; global_colors_info=&#8220;{}&#8220;][et_pb_column type=&#8220;4_4&#8243; _builder_version=&#8220;4.27.2&#8243; _module_preset=&#8220;default&#8220; global_colors_info=&#8220;{}&#8220;][et_pb_text _builder_version=&#8220;4.27.3&#8243; _module_preset=&#8220;default&#8220; header_font=&#8220;&#8211;et_global_heading_font||||||||&#8220; header_text_color=&#8220;#e9b323&#8243; header_font_size=&#8220;40px&#8220; hover_enabled=&#8220;0&#8243; global_colors_info=&#8220;{}&#8220; sticky_enabled=&#8220;0&#8243;]<\/p>\n<h1>Endometri\u00f3za: Pr\u00edbeh Jany, ktor\u00e1 bojovala o svoje zdravie a \u0161\u0165astie.<\/h1>\n<p>[\/et_pb_text][et_pb_text _builder_version=&#8220;4.27.3&#8243; _module_preset=&#8220;default&#8220; text_font=&#8220;&#8211;et_global_body_font|600|||||||&#8220; text_text_color=&#8220;#000000&#8243; text_font_size=&#8220;17px&#8220; header_font=&#8220;&#8211;et_global_body_font|600|||||||&#8220; global_colors_info=&#8220;{}&#8220;]<\/p>\n<p>Ke\u010f Jane bolesti zmenili ka\u017edodenn\u00fd \u017eivot na boj, netu\u0161ila, \u017ee sa ocitla v zajat\u00ed endometri\u00f3zy. \u010c\u00edtajte o tom, ako sa mlad\u00e1 \u017eena vyrovnala s diagn\u00f3zou, ktor\u00e1 jej od z\u00e1kladu zmenila \u017eivot, a ako na\u0161la silu bojova\u0165 s touto komplikovanou chorobou.<\/p>\n<p>[\/et_pb_text][et_pb_image src=&#8220;https:\/\/endometriosis.sk\/verejnost\/wp-content\/uploads\/2024\/11\/Foto5.png&#8220; _builder_version=&#8220;4.27.2&#8243; _module_preset=&#8220;default&#8220; global_colors_info=&#8220;{}&#8220;][\/et_pb_image][et_pb_text _builder_version=&#8220;4.27.2&#8243; _module_preset=&#8220;default&#8220; text_font=&#8220;&#8211;et_global_body_font||||||||&#8220; text_font_size=&#8220;15px&#8220; header_3_font=&#8220;&#8211;et_global_heading_font|600|||||||&#8220; header_3_line_height=&#8220;1.2em&#8220; custom_padding=&#8220;0px||||false|false&#8220; global_colors_info=&#8220;{}&#8220;]<\/p>\n<h3>Prv\u00e9 pr\u00edznaky: Ke\u010f bolesti prestali by\u0165 &#8222;norm\u00e1lne&#8220;<\/h3>\n<p>Jana, tridsa\u0165ro\u010dn\u00e1 \u017eena pln\u00e1 \u017eivota, mala v\u017edy pravideln\u00fd men\u0161trua\u010dn\u00fd cyklus, ktor\u00fd s\u00edce sprev\u00e1dzali mierne bolesti, no ni\u010d, \u010do by pova\u017eovala za nezvy\u010dajn\u00e9. Ke\u010f sa v\u0161ak bolesti za\u010dali zhor\u0161ova\u0165, \u010dasto siahala po liekoch na zmiernenie. \u010casom sa bolesti roz\u0161\u00edrili mimo obdobia men\u0161tru\u00e1cie a postupne sa stali neznesite\u013en\u00fdmi.<\/p>\n<p>Bolesti v podbru\u0161ku, bolesti pri pohlavnom styku a pocity intenz\u00edvnej \u00fanavy sa za\u010dali prejavova\u0165 \u010dastej\u0161ie. Ako mesiace plynuli, Jana vedela, \u017ee nie\u010do nie je v poriadku, a rozhodla sa nav\u0161t\u00edvi\u0165 gynekol\u00f3ga.<\/p>\n<h3>Diagnostika: Stretnutie s doktorom Nov\u00e1kom a kone\u010dn\u00e1 diagn\u00f3za<\/h3>\n<p>Na klinike sa stretla s doktorom Petrom Nov\u00e1kom, odborn\u00edkom na \u017eensk\u00e9 zdravie, ktor\u00fd jej pr\u00edznaky d\u00f4kladne prehodnotil. Po nieko\u013ek\u00fdch ultrazvukov\u00fdch vy\u0161etreniach a magnetickej rezonancii bolo jasn\u00e9, \u017ee Jana trp\u00ed endometri\u00f3zou, ochoren\u00edm, pri ktorom sa tkanivo podobn\u00e9 sliznici maternice (endometrium) nach\u00e1dza mimo maternice. Tento stav sp\u00f4sobuje z\u00e1pal, bolestiv\u00e9 zrasty a niekedy a\u017e neplodnos\u0165.<\/p>\n<p>&#8222;Endometri\u00f3za je \u010dast\u00e9, ale st\u00e1le m\u00e1lo pochopen\u00e9 ochorenie,&#8220; vysvetlil jej doktor Nov\u00e1k. &#8222;Ide o chronick\u00fd stav, ktor\u00fd sa d\u00e1 zvl\u00e1da\u0165, no zatia\u013e ho nie je mo\u017en\u00e9 \u00faplne vylie\u010di\u0165.&#8220; Jana bola zasko\u010den\u00e1. Jej diagn\u00f3za znamenala za\u010diatok n\u00e1ro\u010dn\u00e9ho obdobia, pln\u00e9ho ot\u00e1zok a ob\u00e1v o svoju bud\u00facnos\u0165.<\/p>\n<h3>\u017divot s endometri\u00f3zou: Fyzick\u00e9 aj emocion\u00e1lne prek\u00e1\u017eky<\/h3>\n<p>Endometri\u00f3za sa pre Janu stala nielen fyzick\u00fdm bremenom, ale aj psychickou z\u00e1\u0165a\u017eou. \u017divot sa jej za\u010dal prisp\u00f4sobova\u0165 meniacim sa zdravotn\u00fdm stavom. Ka\u017edodenn\u00e9 bolesti, n\u00e1hle vy\u010derpanie a obmedzenia v osobnom \u017eivote vy\u017eadovali ohromn\u00fa d\u00e1vku trpezlivosti.<\/p>\n<p>&#8222;S endometri\u00f3zou som mala pocit, akoby moje telo bolo proti mne,&#8220; prizn\u00e1va Jana. &#8222;Boles\u0165 ma obmedzovala nielen v pr\u00e1ci, ale aj v ka\u017edodenn\u00fdch radostiach. Ve\u013eakr\u00e1t som musela odmietnu\u0165 spolo\u010dn\u00e9 v\u00fdlety s priate\u013emi, \u010do ma psychicky zasiahlo.&#8220;<\/p>\n<h3>Mo\u017enosti lie\u010dby: Cesta pln\u00e1 v\u00fdziev<\/h3>\n<p>Doktor Nov\u00e1k navrhol Jane dve hlavn\u00e9 mo\u017enosti lie\u010dby \u2013 hormon\u00e1lnu terapiu a oper\u00e1ciu. Prv\u00e1 mo\u017enos\u0165 bola zameran\u00e1 na zn\u00ed\u017eenie hladiny estrog\u00e9nu, aby sa spomalil rast endometri\u00e1lneho tkaniva. Hoci hormon\u00e1lna terapia dok\u00e1\u017ee zmierni\u0165 boles\u0165, ved\u013eaj\u0161ie \u00fa\u010dinky, ako n\u00e1hle zmeny n\u00e1lady a n\u00e1rast hmotnosti, boli pre Janu n\u00e1ro\u010dn\u00e9.<\/p>\n<p>Po roku s hormon\u00e1lnou terapiou sa rozhodla pre oper\u00e1ciu laparoskopiou, aby sa odstr\u00e1nilo \u010do najviac endometri\u00e1lneho tkaniva. Hoci oper\u00e1cia priniesla do\u010dasn\u00fa \u00fa\u013eavu, vedela, \u017ee choroba sa m\u00f4\u017ee kedyko\u013evek vr\u00e1ti\u0165.<\/p>\n<p>&#8222;Oper\u00e1cia mi dala n\u00e1dej, \u017ee sa budem m\u00f4c\u0165 c\u00edti\u0165 lep\u0161ie aspo\u0148 na chv\u00ed\u013eu,&#8220; hovor\u00ed Jana. &#8222;Ale vedomie, \u017ee endometri\u00f3za m\u00f4\u017ee pr\u00eds\u0165 znova, bolo ako tie\u0148 nad ka\u017ed\u00fdm dobr\u00fdm d\u0148om.&#8220;<\/p>\n<h3>H\u013eadanie podpory a nov\u00e1 n\u00e1dej<\/h3>\n<p>Po\u010das svojho boja s endometri\u00f3zou na\u0161la Jana podporu v r\u00f4znych skupin\u00e1ch na soci\u00e1lnych sie\u0165ach, kde spoznala mnoho \u017eien, ktor\u00e9 prech\u00e1dzali rovnakou situ\u00e1ciou. T\u00e1to komunita jej dodala odvahu a silu bojova\u0165 \u010falej a nezosta\u0165 so svoj\u00edm tr\u00e1pen\u00edm sama.<\/p>\n<p>Okrem toho sa rozhodla prida\u0165 do svojho \u017eivota pravideln\u00e9 cvi\u010denie, medit\u00e1ciu a zdrav\u00fa stravu, ktor\u00e9 jej pomohli aspo\u0148 \u010diasto\u010dne zvl\u00e1da\u0165 sympt\u00f3my. Viera v seba a podpora okolia jej dodali n\u00e1dej, \u017ee sa jej podar\u00ed zvl\u00e1dnu\u0165 t\u00fato ne\u013eahk\u00fa cestu.<\/p>\n<h3>Z\u00e1ver: Janin odkaz \u017een\u00e1m<\/h3>\n<p>Jana ver\u00ed, \u017ee jej pr\u00edbeh m\u00f4\u017ee in\u0161pirova\u0165 \u010fal\u0161ie \u017eeny, aby sa nevzd\u00e1vali a h\u013eadali pomoc v\u010das. &#8222;Endometri\u00f3za nie je len fyzick\u00fd boj, ale aj psychick\u00e1 v\u00fdzva. Nebojte sa hovori\u0165 o svojich probl\u00e9moch a h\u013eada\u0165 podporu,&#8220; odkazuje v\u0161etk\u00fdm \u017een\u00e1m, ktor\u00e9 prech\u00e1dzaj\u00fa podobnou sk\u00fasenos\u0165ou.<\/p>\n<p>Janin pr\u00edbeh je pr\u00edkladom toho, \u017ee aj ke\u010f nie je v\u017edy mo\u017en\u00e9 endometri\u00f3zu \u00faplne porazi\u0165, je mo\u017en\u00e9 nau\u010di\u0165 sa s \u0148ou \u017ei\u0165 a n\u00e1js\u0165 v sebe silu pokra\u010dova\u0165 \u010falej.<\/p>\n<p>[\/et_pb_text][\/et_pb_column][\/et_pb_row][\/et_pb_section]<\/p>\n","protected":false},"excerpt":{"rendered":"<p>Endometri\u00f3za: Pr\u00edbeh Jany, ktor\u00e1 bojovala o svoje zdravie a \u0161\u0165astie.Ke\u010f Jane bolesti zmenili ka\u017edodenn\u00fd \u017eivot na boj, netu\u0161ila, \u017ee sa ocitla v zajat\u00ed endometri\u00f3zy. \u010c\u00edtajte o tom, ako sa mlad\u00e1 \u017eena vyrovnala s diagn\u00f3zou, ktor\u00e1 jej od z\u00e1kladu zmenila \u017eivot, a ako na\u0161la silu bojova\u0165 s touto komplikovanou chorobou.Prv\u00e9 pr\u00edznaky: Ke\u010f bolesti prestali by\u0165 &#8222;norm\u00e1lne&#8220; [&hellip;]<\/p>\n","protected":false},"author":1,"featured_media":349,"comment_status":"closed","ping_status":"closed","sticky":false,"template":"","format":"standard","meta":{"_et_pb_use_builder":"on","_et_pb_old_content":"","_et_gb_content_width":"","footnotes":""},"categories":[1],"tags":[8],"class_list":["post-319","post","type-post","status-publish","format-standard","has-post-thumbnail","hentry","category-nezaradene","tag-endometrioza"],"yoast_head":"<!-- This site is optimized with the Yoast SEO plugin v26.4 - https:\/\/yoast.com\/wordpress\/plugins\/seo\/ -->\n<title>Endometri\u00f3za: Pr\u00edbeh Jany, ktor\u00e1 bojovala o svoje zdravie a \u0161\u0165astie - Endometri\u00f3za | Praktick\u00e1 pr\u00edru\u010dka pre \u017eeny s endometri\u00f3zou alebo jej pr\u00edznakmi<\/title>\n<meta name=\"robots\" content=\"index, follow, max-snippet:-1, max-image-preview:large, max-video-preview:-1\" \/>\n<link rel=\"canonical\" href=\"https:\/\/endometriosis.sk\/verejnost\/endometrioza-pribeh-jany-ktora-bojovala-o-svoje-zdravie-a-stastie\/\" \/>\n<meta property=\"og:locale\" content=\"sk_SK\" \/>\n<meta property=\"og:type\" content=\"article\" \/>\n<meta property=\"og:title\" content=\"Endometri\u00f3za: Pr\u00edbeh Jany, ktor\u00e1 bojovala o svoje zdravie a \u0161\u0165astie - Endometri\u00f3za | Praktick\u00e1 pr\u00edru\u010dka pre \u017eeny s endometri\u00f3zou alebo jej pr\u00edznakmi\" \/>\n<meta property=\"og:description\" content=\"Endometri\u00f3za: Pr\u00edbeh Jany, ktor\u00e1 bojovala o svoje zdravie a \u0161\u0165astie.Ke\u010f Jane bolesti zmenili ka\u017edodenn\u00fd \u017eivot na boj, netu\u0161ila, \u017ee sa ocitla v zajat\u00ed endometri\u00f3zy. \u010c\u00edtajte o tom, ako sa mlad\u00e1 \u017eena vyrovnala s diagn\u00f3zou, ktor\u00e1 jej od z\u00e1kladu zmenila \u017eivot, a ako na\u0161la silu bojova\u0165 s touto komplikovanou chorobou.Prv\u00e9 pr\u00edznaky: Ke\u010f bolesti prestali by\u0165 &quot;norm\u00e1lne&quot; [&hellip;]\" \/>\n<meta property=\"og:url\" content=\"https:\/\/endometriosis.sk\/verejnost\/endometrioza-pribeh-jany-ktora-bojovala-o-svoje-zdravie-a-stastie\/\" \/>\n<meta property=\"og:site_name\" content=\"Endometri\u00f3za | Praktick\u00e1 pr\u00edru\u010dka pre \u017eeny s endometri\u00f3zou alebo jej pr\u00edznakmi\" \/>\n<meta property=\"article:published_time\" content=\"2024-11-14T07:50:45+00:00\" \/>\n<meta property=\"article:modified_time\" content=\"2024-12-04T07:35:33+00:00\" \/>\n<meta property=\"og:image\" content=\"https:\/\/endometriosis.sk\/verejnost\/wp-content\/uploads\/2024\/11\/3-1-1024x558.png\" \/>\n\t<meta property=\"og:image:width\" content=\"1024\" \/>\n\t<meta property=\"og:image:height\" content=\"558\" \/>\n\t<meta property=\"og:image:type\" content=\"image\/png\" \/>\n<meta name=\"author\" content=\"Wizard\" \/>\n<meta name=\"twitter:card\" content=\"summary_large_image\" \/>\n<meta name=\"twitter:label1\" content=\"Autor\" \/>\n\t<meta name=\"twitter:data1\" content=\"Wizard\" \/>\n\t<meta name=\"twitter:label2\" content=\"Predpokladan\u00fd \u010das \u010d\u00edtania\" \/>\n\t<meta name=\"twitter:data2\" content=\"5 min\u00fat\" \/>\n<script type=\"application\/ld+json\" class=\"yoast-schema-graph\">{\"@context\":\"https:\/\/schema.org\",\"@graph\":[{\"@type\":\"WebPage\",\"@id\":\"https:\/\/endometriosis.sk\/verejnost\/endometrioza-pribeh-jany-ktora-bojovala-o-svoje-zdravie-a-stastie\/\",\"url\":\"https:\/\/endometriosis.sk\/verejnost\/endometrioza-pribeh-jany-ktora-bojovala-o-svoje-zdravie-a-stastie\/\",\"name\":\"Endometri\u00f3za: Pr\u00edbeh Jany, ktor\u00e1 bojovala o svoje zdravie a \u0161\u0165astie - Endometri\u00f3za | Praktick\u00e1 pr\u00edru\u010dka pre \u017eeny s endometri\u00f3zou alebo jej pr\u00edznakmi\",\"isPartOf\":{\"@id\":\"https:\/\/endometriosis.sk\/verejnost\/#website\"},\"primaryImageOfPage\":{\"@id\":\"https:\/\/endometriosis.sk\/verejnost\/endometrioza-pribeh-jany-ktora-bojovala-o-svoje-zdravie-a-stastie\/#primaryimage\"},\"image\":{\"@id\":\"https:\/\/endometriosis.sk\/verejnost\/endometrioza-pribeh-jany-ktora-bojovala-o-svoje-zdravie-a-stastie\/#primaryimage\"},\"thumbnailUrl\":\"https:\/\/endometriosis.sk\/verejnost\/wp-content\/uploads\/2024\/11\/3-1.png\",\"datePublished\":\"2024-11-14T07:50:45+00:00\",\"dateModified\":\"2024-12-04T07:35:33+00:00\",\"author\":{\"@id\":\"https:\/\/endometriosis.sk\/verejnost\/#\/schema\/person\/c3ceede792bd12fc79bd48b9bcf0ff9c\"},\"breadcrumb\":{\"@id\":\"https:\/\/endometriosis.sk\/verejnost\/endometrioza-pribeh-jany-ktora-bojovala-o-svoje-zdravie-a-stastie\/#breadcrumb\"},\"inLanguage\":\"sk-SK\",\"potentialAction\":[{\"@type\":\"ReadAction\",\"target\":[\"https:\/\/endometriosis.sk\/verejnost\/endometrioza-pribeh-jany-ktora-bojovala-o-svoje-zdravie-a-stastie\/\"]}]},{\"@type\":\"ImageObject\",\"inLanguage\":\"sk-SK\",\"@id\":\"https:\/\/endometriosis.sk\/verejnost\/endometrioza-pribeh-jany-ktora-bojovala-o-svoje-zdravie-a-stastie\/#primaryimage\",\"url\":\"https:\/\/endometriosis.sk\/verejnost\/wp-content\/uploads\/2024\/11\/3-1.png\",\"contentUrl\":\"https:\/\/endometriosis.sk\/verejnost\/wp-content\/uploads\/2024\/11\/3-1.png\",\"width\":1800,\"height\":980},{\"@type\":\"BreadcrumbList\",\"@id\":\"https:\/\/endometriosis.sk\/verejnost\/endometrioza-pribeh-jany-ktora-bojovala-o-svoje-zdravie-a-stastie\/#breadcrumb\",\"itemListElement\":[{\"@type\":\"ListItem\",\"position\":1,\"name\":\"Domovsk\u00e1 str\u00e1nka\",\"item\":\"https:\/\/endometriosis.sk\/verejnost\/\"},{\"@type\":\"ListItem\",\"position\":2,\"name\":\"Endometri\u00f3za: Pr\u00edbeh Jany, ktor\u00e1 bojovala o svoje zdravie a \u0161\u0165astie\"}]},{\"@type\":\"WebSite\",\"@id\":\"https:\/\/endometriosis.sk\/verejnost\/#website\",\"url\":\"https:\/\/endometriosis.sk\/verejnost\/\",\"name\":\"Endometri\u00f3za | Praktick\u00e1 pr\u00edru\u010dka pre \u017eeny s endometri\u00f3zou alebo jej pr\u00edznakmi\",\"description\":\"\",\"potentialAction\":[{\"@type\":\"SearchAction\",\"target\":{\"@type\":\"EntryPoint\",\"urlTemplate\":\"https:\/\/endometriosis.sk\/verejnost\/?s={search_term_string}\"},\"query-input\":{\"@type\":\"PropertyValueSpecification\",\"valueRequired\":true,\"valueName\":\"search_term_string\"}}],\"inLanguage\":\"sk-SK\"},{\"@type\":\"Person\",\"@id\":\"https:\/\/endometriosis.sk\/verejnost\/#\/schema\/person\/c3ceede792bd12fc79bd48b9bcf0ff9c\",\"name\":\"Wizard\",\"image\":{\"@type\":\"ImageObject\",\"inLanguage\":\"sk-SK\",\"@id\":\"https:\/\/endometriosis.sk\/verejnost\/#\/schema\/person\/image\/\",\"url\":\"https:\/\/secure.gravatar.com\/avatar\/8f644b51173f7e827c4bb6673d4e3fbbf4ceebda0fe112f8d47d319be9250a7e?s=96&d=mm&r=g\",\"contentUrl\":\"https:\/\/secure.gravatar.com\/avatar\/8f644b51173f7e827c4bb6673d4e3fbbf4ceebda0fe112f8d47d319be9250a7e?s=96&d=mm&r=g\",\"caption\":\"Wizard\"},\"sameAs\":[\"https:\/\/endometriosis.sk\/verejnost\"],\"url\":\"https:\/\/endometriosis.sk\/verejnost\/author\/wizard\/\"}]}<\/script>\n<!-- \/ Yoast SEO plugin. -->","yoast_head_json":{"title":"Endometri\u00f3za: Pr\u00edbeh Jany, ktor\u00e1 bojovala o svoje zdravie a \u0161\u0165astie - Endometri\u00f3za | Praktick\u00e1 pr\u00edru\u010dka pre \u017eeny s endometri\u00f3zou alebo jej pr\u00edznakmi","robots":{"index":"index","follow":"follow","max-snippet":"max-snippet:-1","max-image-preview":"max-image-preview:large","max-video-preview":"max-video-preview:-1"},"canonical":"https:\/\/endometriosis.sk\/verejnost\/endometrioza-pribeh-jany-ktora-bojovala-o-svoje-zdravie-a-stastie\/","og_locale":"sk_SK","og_type":"article","og_title":"Endometri\u00f3za: Pr\u00edbeh Jany, ktor\u00e1 bojovala o svoje zdravie a \u0161\u0165astie - Endometri\u00f3za | Praktick\u00e1 pr\u00edru\u010dka pre \u017eeny s endometri\u00f3zou alebo jej pr\u00edznakmi","og_description":"Endometri\u00f3za: Pr\u00edbeh Jany, ktor\u00e1 bojovala o svoje zdravie a \u0161\u0165astie.Ke\u010f Jane bolesti zmenili ka\u017edodenn\u00fd \u017eivot na boj, netu\u0161ila, \u017ee sa ocitla v zajat\u00ed endometri\u00f3zy. \u010c\u00edtajte o tom, ako sa mlad\u00e1 \u017eena vyrovnala s diagn\u00f3zou, ktor\u00e1 jej od z\u00e1kladu zmenila \u017eivot, a ako na\u0161la silu bojova\u0165 s touto komplikovanou chorobou.Prv\u00e9 pr\u00edznaky: Ke\u010f bolesti prestali by\u0165 \"norm\u00e1lne\" [&hellip;]","og_url":"https:\/\/endometriosis.sk\/verejnost\/endometrioza-pribeh-jany-ktora-bojovala-o-svoje-zdravie-a-stastie\/","og_site_name":"Endometri\u00f3za | Praktick\u00e1 pr\u00edru\u010dka pre \u017eeny s endometri\u00f3zou alebo jej pr\u00edznakmi","article_published_time":"2024-11-14T07:50:45+00:00","article_modified_time":"2024-12-04T07:35:33+00:00","og_image":[{"width":1024,"height":558,"url":"https:\/\/endometriosis.sk\/verejnost\/wp-content\/uploads\/2024\/11\/3-1-1024x558.png","type":"image\/png"}],"author":"Wizard","twitter_card":"summary_large_image","twitter_misc":{"Autor":"Wizard","Predpokladan\u00fd \u010das \u010d\u00edtania":"5 min\u00fat"},"schema":{"@context":"https:\/\/schema.org","@graph":[{"@type":"WebPage","@id":"https:\/\/endometriosis.sk\/verejnost\/endometrioza-pribeh-jany-ktora-bojovala-o-svoje-zdravie-a-stastie\/","url":"https:\/\/endometriosis.sk\/verejnost\/endometrioza-pribeh-jany-ktora-bojovala-o-svoje-zdravie-a-stastie\/","name":"Endometri\u00f3za: Pr\u00edbeh Jany, ktor\u00e1 bojovala o svoje zdravie a \u0161\u0165astie - Endometri\u00f3za | Praktick\u00e1 pr\u00edru\u010dka pre \u017eeny s endometri\u00f3zou alebo jej pr\u00edznakmi","isPartOf":{"@id":"https:\/\/endometriosis.sk\/verejnost\/#website"},"primaryImageOfPage":{"@id":"https:\/\/endometriosis.sk\/verejnost\/endometrioza-pribeh-jany-ktora-bojovala-o-svoje-zdravie-a-stastie\/#primaryimage"},"image":{"@id":"https:\/\/endometriosis.sk\/verejnost\/endometrioza-pribeh-jany-ktora-bojovala-o-svoje-zdravie-a-stastie\/#primaryimage"},"thumbnailUrl":"https:\/\/endometriosis.sk\/verejnost\/wp-content\/uploads\/2024\/11\/3-1.png","datePublished":"2024-11-14T07:50:45+00:00","dateModified":"2024-12-04T07:35:33+00:00","author":{"@id":"https:\/\/endometriosis.sk\/verejnost\/#\/schema\/person\/c3ceede792bd12fc79bd48b9bcf0ff9c"},"breadcrumb":{"@id":"https:\/\/endometriosis.sk\/verejnost\/endometrioza-pribeh-jany-ktora-bojovala-o-svoje-zdravie-a-stastie\/#breadcrumb"},"inLanguage":"sk-SK","potentialAction":[{"@type":"ReadAction","target":["https:\/\/endometriosis.sk\/verejnost\/endometrioza-pribeh-jany-ktora-bojovala-o-svoje-zdravie-a-stastie\/"]}]},{"@type":"ImageObject","inLanguage":"sk-SK","@id":"https:\/\/endometriosis.sk\/verejnost\/endometrioza-pribeh-jany-ktora-bojovala-o-svoje-zdravie-a-stastie\/#primaryimage","url":"https:\/\/endometriosis.sk\/verejnost\/wp-content\/uploads\/2024\/11\/3-1.png","contentUrl":"https:\/\/endometriosis.sk\/verejnost\/wp-content\/uploads\/2024\/11\/3-1.png","width":1800,"height":980},{"@type":"BreadcrumbList","@id":"https:\/\/endometriosis.sk\/verejnost\/endometrioza-pribeh-jany-ktora-bojovala-o-svoje-zdravie-a-stastie\/#breadcrumb","itemListElement":[{"@type":"ListItem","position":1,"name":"Domovsk\u00e1 str\u00e1nka","item":"https:\/\/endometriosis.sk\/verejnost\/"},{"@type":"ListItem","position":2,"name":"Endometri\u00f3za: Pr\u00edbeh Jany, ktor\u00e1 bojovala o svoje zdravie a \u0161\u0165astie"}]},{"@type":"WebSite","@id":"https:\/\/endometriosis.sk\/verejnost\/#website","url":"https:\/\/endometriosis.sk\/verejnost\/","name":"Endometri\u00f3za | Praktick\u00e1 pr\u00edru\u010dka pre \u017eeny s endometri\u00f3zou alebo jej pr\u00edznakmi","description":"","potentialAction":[{"@type":"SearchAction","target":{"@type":"EntryPoint","urlTemplate":"https:\/\/endometriosis.sk\/verejnost\/?s={search_term_string}"},"query-input":{"@type":"PropertyValueSpecification","valueRequired":true,"valueName":"search_term_string"}}],"inLanguage":"sk-SK"},{"@type":"Person","@id":"https:\/\/endometriosis.sk\/verejnost\/#\/schema\/person\/c3ceede792bd12fc79bd48b9bcf0ff9c","name":"Wizard","image":{"@type":"ImageObject","inLanguage":"sk-SK","@id":"https:\/\/endometriosis.sk\/verejnost\/#\/schema\/person\/image\/","url":"https:\/\/secure.gravatar.com\/avatar\/8f644b51173f7e827c4bb6673d4e3fbbf4ceebda0fe112f8d47d319be9250a7e?s=96&d=mm&r=g","contentUrl":"https:\/\/secure.gravatar.com\/avatar\/8f644b51173f7e827c4bb6673d4e3fbbf4ceebda0fe112f8d47d319be9250a7e?s=96&d=mm&r=g","caption":"Wizard"},"sameAs":["https:\/\/endometriosis.sk\/verejnost"],"url":"https:\/\/endometriosis.sk\/verejnost\/author\/wizard\/"}]}},"_links":{"self":[{"href":"https:\/\/endometriosis.sk\/verejnost\/wp-json\/wp\/v2\/posts\/319","targetHints":{"allow":["GET"]}}],"collection":[{"href":"https:\/\/endometriosis.sk\/verejnost\/wp-json\/wp\/v2\/posts"}],"about":[{"href":"https:\/\/endometriosis.sk\/verejnost\/wp-json\/wp\/v2\/types\/post"}],"author":[{"embeddable":true,"href":"https:\/\/endometriosis.sk\/verejnost\/wp-json\/wp\/v2\/users\/1"}],"replies":[{"embeddable":true,"href":"https:\/\/endometriosis.sk\/verejnost\/wp-json\/wp\/v2\/comments?post=319"}],"version-history":[{"count":7,"href":"https:\/\/endometriosis.sk\/verejnost\/wp-json\/wp\/v2\/posts\/319\/revisions"}],"predecessor-version":[{"id":727,"href":"https:\/\/endometriosis.sk\/verejnost\/wp-json\/wp\/v2\/posts\/319\/revisions\/727"}],"wp:featuredmedia":[{"embeddable":true,"href":"https:\/\/endometriosis.sk\/verejnost\/wp-json\/wp\/v2\/media\/349"}],"wp:attachment":[{"href":"https:\/\/endometriosis.sk\/verejnost\/wp-json\/wp\/v2\/media?parent=319"}],"wp:term":[{"taxonomy":"category","embeddable":true,"href":"https:\/\/endometriosis.sk\/verejnost\/wp-json\/wp\/v2\/categories?post=319"},{"taxonomy":"post_tag","embeddable":true,"href":"https:\/\/endometriosis.sk\/verejnost\/wp-json\/wp\/v2\/tags?post=319"}],"curies":[{"name":"wp","href":"https:\/\/api.w.org\/{rel}","templated":true}]}}